{"id":3801,"date":"2025-10-06T14:38:49","date_gmt":"2025-10-06T14:38:49","guid":{"rendered":"https:\/\/navegandolibres.org\/?p=3801"},"modified":"2025-10-06T16:29:35","modified_gmt":"2025-10-06T16:29:35","slug":"cuidados-digitales-en-tiempos-de-paro-nacional","status":"publish","type":"post","link":"https:\/\/navegandolibres.org\/en\/cuidados-digitales-en-tiempos-de-paro-nacional\/","title":{"rendered":"Cuidados digitales en tiempos de paro nacional"},"content":{"rendered":"<p>En el contexto del paro nacional en Ecuador, compartimos una <em>Gu\u00eda de cuidados digitales<\/em> para protegernos colectivamente frente a la represi\u00f3n y la criminalizaci\u00f3n de la protesta. En tiempos de crisis, la seguridad digital tambi\u00e9n es resistencia: defendemos el derecho a la libre expresi\u00f3n, la organizaci\u00f3n y la vida digna.<\/p>\n\n\n\n<div class=\"wp-block-buttons is-layout-flex wp-block-buttons-is-layout-flex\">\n<div class=\"wp-block-button\"><a class=\"wp-block-button__link wp-element-button\" href=\"https:\/\/navegandolibres.org\/wp-content\/uploads\/2025\/10\/Cuidados-digitales-en-tiempos-de-paro-nacional-1.pdf\" target=\"_blank\" rel=\"noreferrer noopener\">Descarga<\/a><\/div>\n<\/div>\n\n\n\n<p><\/p>","protected":false},"excerpt":{"rendered":"<p>En el contexto del paro nacional en Ecuador, compartimos una Gu\u00eda de cuidados digitales para protegernos colectivamente frente a la represi\u00f3n y la criminalizaci\u00f3n de la protesta. En tiempos de crisis, la seguridad digital tambi\u00e9n es resistencia: defendemos el derecho a la libre expresi\u00f3n, la organizaci\u00f3n y la vida digna.<\/p>","protected":false},"author":2,"featured_media":3808,"comment_status":"closed","ping_status":"closed","sticky":false,"template":"","format":"standard","meta":{"episode_type":"","audio_file":"","podmotor_file_id":"","podmotor_episode_id":"","cover_image":"","cover_image_id":"","duration":"","filesize":"","filesize_raw":"","date_recorded":"","explicit":"","block":"","itunes_episode_number":"","itunes_title":"","itunes_season_number":"","itunes_episode_type":"","footnotes":""},"categories":[16,14],"tags":[],"class_list":["post-3801","post","type-post","status-publish","format-standard","has-post-thumbnail","hentry","category-cuidados-digitales","category-guias"],"_links":{"self":[{"href":"https:\/\/navegandolibres.org\/en\/wp-json\/wp\/v2\/posts\/3801","targetHints":{"allow":["GET"]}}],"collection":[{"href":"https:\/\/navegandolibres.org\/en\/wp-json\/wp\/v2\/posts"}],"about":[{"href":"https:\/\/navegandolibres.org\/en\/wp-json\/wp\/v2\/types\/post"}],"author":[{"embeddable":true,"href":"https:\/\/navegandolibres.org\/en\/wp-json\/wp\/v2\/users\/2"}],"replies":[{"embeddable":true,"href":"https:\/\/navegandolibres.org\/en\/wp-json\/wp\/v2\/comments?post=3801"}],"version-history":[{"count":0,"href":"https:\/\/navegandolibres.org\/en\/wp-json\/wp\/v2\/posts\/3801\/revisions"}],"wp:featuredmedia":[{"embeddable":true,"href":"https:\/\/navegandolibres.org\/en\/wp-json\/wp\/v2\/media\/3808"}],"wp:attachment":[{"href":"https:\/\/navegandolibres.org\/en\/wp-json\/wp\/v2\/media?parent=3801"}],"wp:term":[{"taxonomy":"category","embeddable":true,"href":"https:\/\/navegandolibres.org\/en\/wp-json\/wp\/v2\/categories?post=3801"},{"taxonomy":"post_tag","embeddable":true,"href":"https:\/\/navegandolibres.org\/en\/wp-json\/wp\/v2\/tags?post=3801"}],"curies":[{"name":"wp","href":"https:\/\/api.w.org\/{rel}","templated":true}]}}