{"id":2668,"date":"2025-01-28T17:55:07","date_gmt":"2025-01-28T17:55:07","guid":{"rendered":"https:\/\/navegandolibres.org\/?p=2668"},"modified":"2025-01-28T17:58:36","modified_gmt":"2025-01-28T17:58:36","slug":"en-la-mira-seguridad-y-principales-amenazas-digitales-en-america-latina","status":"publish","type":"post","link":"https:\/\/navegandolibres.org\/en\/en-la-mira-seguridad-y-principales-amenazas-digitales-en-america-latina\/","title":{"rendered":"En la mira: seguridad y principales amenazas digitales en Am\u00e9rica Latina"},"content":{"rendered":"<p>Internet se ha convertido en un espacio cada vez m\u00e1s <strong>hostil <\/strong>para el <strong>activismo y las organizaciones <\/strong>en <strong>Latinoam\u00e9rica<\/strong>, la <strong>regi\u00f3n m\u00e1s peligrosa del mundo para l\u00edderes sociales<\/strong>. El nuevo reporte \u201c<strong>En la mira: seguridad y principales amenazas digitales en Am\u00e9rica Latina\u201d<\/strong> desarrollado por el <strong>Observatorio Latinoamericano de Amenazas Digitales (OLAD) <\/strong>y liderado por Derechos Digitales<strong>,<\/strong> analiz\u00f3 m\u00e1s de <strong>400 casos de ciberataque<\/strong>, <strong>violencia de g\u00e9nero digital, censura, espionaje y vigilancia masiva, entre otros, <\/strong>ocurridos principalmente durante 2024 en la regi\u00f3n.<\/p>\n\n\n\n<div class=\"wp-block-buttons is-layout-flex wp-block-buttons-is-layout-flex\">\n<div class=\"wp-block-button\"><a class=\"wp-block-button__link wp-element-button\" href=\"https:\/\/navegandolibres.org\/wp-content\/uploads\/2025\/01\/En-la-Mira_-ES.pdf\">Descargar<\/a><\/div>\n<\/div>\n\n\n\n<p><\/p>","protected":false},"excerpt":{"rendered":"<p>Internet se ha convertido en un espacio cada vez m\u00e1s hostil para el activismo y las organizaciones en Latinoam\u00e9rica, la regi\u00f3n m\u00e1s peligrosa del mundo para l\u00edderes sociales. El nuevo reporte \u201cEn la mira: seguridad y principales amenazas digitales en Am\u00e9rica Latina\u201d desarrollado por el Observatorio Latinoamericano de Amenazas Digitales (OLAD) y liderado por Derechos [&hellip;]<\/p>\n","protected":false},"author":2,"featured_media":2670,"comment_status":"closed","ping_status":"closed","sticky":false,"template":"","format":"standard","meta":{"episode_type":"","audio_file":"","podmotor_file_id":"","podmotor_episode_id":"","cover_image":"","cover_image_id":"","duration":"","filesize":"","filesize_raw":"","date_recorded":"","explicit":"","block":"","itunes_episode_number":"","itunes_title":"","itunes_season_number":"","itunes_episode_type":"","footnotes":""},"categories":[8],"tags":[],"class_list":["post-2668","post","type-post","status-publish","format-standard","has-post-thumbnail","hentry","category-publicaciones"],"_links":{"self":[{"href":"https:\/\/navegandolibres.org\/en\/wp-json\/wp\/v2\/posts\/2668","targetHints":{"allow":["GET"]}}],"collection":[{"href":"https:\/\/navegandolibres.org\/en\/wp-json\/wp\/v2\/posts"}],"about":[{"href":"https:\/\/navegandolibres.org\/en\/wp-json\/wp\/v2\/types\/post"}],"author":[{"embeddable":true,"href":"https:\/\/navegandolibres.org\/en\/wp-json\/wp\/v2\/users\/2"}],"replies":[{"embeddable":true,"href":"https:\/\/navegandolibres.org\/en\/wp-json\/wp\/v2\/comments?post=2668"}],"version-history":[{"count":0,"href":"https:\/\/navegandolibres.org\/en\/wp-json\/wp\/v2\/posts\/2668\/revisions"}],"wp:featuredmedia":[{"embeddable":true,"href":"https:\/\/navegandolibres.org\/en\/wp-json\/wp\/v2\/media\/2670"}],"wp:attachment":[{"href":"https:\/\/navegandolibres.org\/en\/wp-json\/wp\/v2\/media?parent=2668"}],"wp:term":[{"taxonomy":"category","embeddable":true,"href":"https:\/\/navegandolibres.org\/en\/wp-json\/wp\/v2\/categories?post=2668"},{"taxonomy":"post_tag","embeddable":true,"href":"https:\/\/navegandolibres.org\/en\/wp-json\/wp\/v2\/tags?post=2668"}],"curies":[{"name":"wp","href":"https:\/\/api.w.org\/{rel}","templated":true}]}}