{"id":2396,"date":"2024-07-01T21:22:00","date_gmt":"2024-07-01T21:22:00","guid":{"rendered":"https:\/\/navegandolibres.org\/?p=2396"},"modified":"2025-12-22T21:47:45","modified_gmt":"2025-12-22T21:47:45","slug":"guia-para-acompanar-a-adolescentes-en-casos-de-violencia-de-genero-digital","status":"publish","type":"post","link":"https:\/\/navegandolibres.org\/en\/guia-para-acompanar-a-adolescentes-en-casos-de-violencia-de-genero-digital\/","title":{"rendered":"Gu\u00eda para acompa\u00f1ar a adolescentes en casos de violencia de g\u00e9nero digital"},"content":{"rendered":"<p>Esta gu\u00eda es una invitaci\u00f3n para explorar respuestas comunitarias que nos permitan contener, acompa\u00f1ar y construir de manera conjunta estrategias de prevenci\u00f3n y actuaci\u00f3n en situaciones de violencia de g\u00e9nero digital. Queremos incentivar el tejido de relaciones desde el cuidado, los afectos y la responsabilidad colectiva, poniendo en el centro las voces, experiencias de vida, inquietudes, necesidades y deseos de las adolescencias.<\/p>\n\n\n\n<div class=\"wp-block-buttons is-layout-flex wp-block-buttons-is-layout-flex\">\n<div class=\"wp-block-button\"><a class=\"wp-block-button__link wp-element-button\" href=\"https:\/\/navegandolibres.org\/wp-content\/uploads\/2025\/07\/Guia-para-acompanar-a-adolescentes-en-casos-de-violencia-de-genero-digital-INTERACTIVO-1-1_compressed.pdf\">Descarga<\/a><\/div>\n<\/div>\n\n\n\n<p><\/p>","protected":false},"excerpt":{"rendered":"<p>Esta gu\u00eda es una invitaci\u00f3n para explorar respuestas comunitarias que nos permitan contener, acompa\u00f1ar y construir de manera conjunta estrategias de prevenci\u00f3n y actuaci\u00f3n en situaciones de violencia de g\u00e9nero digital. Queremos incentivar el tejido de relaciones desde el cuidado, los afectos y la responsabilidad colectiva, poniendo en el centro las voces, experiencias de vida, [&hellip;]<\/p>\n","protected":false},"author":2,"featured_media":2232,"comment_status":"closed","ping_status":"closed","sticky":false,"template":"elementor_theme","format":"standard","meta":{"episode_type":"","audio_file":"","podmotor_file_id":"","podmotor_episode_id":"","cover_image":"","cover_image_id":"","duration":"","filesize":"","filesize_raw":"","date_recorded":"","explicit":"","block":"","itunes_episode_number":"","itunes_title":"","itunes_season_number":"","itunes_episode_type":"","footnotes":""},"categories":[14,17,19],"tags":[],"class_list":["post-2396","post","type-post","status-publish","format-standard","has-post-thumbnail","hentry","category-guias","category-infancias-y-adolescencia","category-violencia-de-genero-digital"],"_links":{"self":[{"href":"https:\/\/navegandolibres.org\/en\/wp-json\/wp\/v2\/posts\/2396","targetHints":{"allow":["GET"]}}],"collection":[{"href":"https:\/\/navegandolibres.org\/en\/wp-json\/wp\/v2\/posts"}],"about":[{"href":"https:\/\/navegandolibres.org\/en\/wp-json\/wp\/v2\/types\/post"}],"author":[{"embeddable":true,"href":"https:\/\/navegandolibres.org\/en\/wp-json\/wp\/v2\/users\/2"}],"replies":[{"embeddable":true,"href":"https:\/\/navegandolibres.org\/en\/wp-json\/wp\/v2\/comments?post=2396"}],"version-history":[{"count":0,"href":"https:\/\/navegandolibres.org\/en\/wp-json\/wp\/v2\/posts\/2396\/revisions"}],"wp:featuredmedia":[{"embeddable":true,"href":"https:\/\/navegandolibres.org\/en\/wp-json\/wp\/v2\/media\/2232"}],"wp:attachment":[{"href":"https:\/\/navegandolibres.org\/en\/wp-json\/wp\/v2\/media?parent=2396"}],"wp:term":[{"taxonomy":"category","embeddable":true,"href":"https:\/\/navegandolibres.org\/en\/wp-json\/wp\/v2\/categories?post=2396"},{"taxonomy":"post_tag","embeddable":true,"href":"https:\/\/navegandolibres.org\/en\/wp-json\/wp\/v2\/tags?post=2396"}],"curies":[{"name":"wp","href":"https:\/\/api.w.org\/{rel}","templated":true}]}}